{"id":311,"date":"2018-05-28T21:00:07","date_gmt":"2018-05-28T19:00:07","guid":{"rendered":"http:\/\/www.tenzione.it\/?p=311"},"modified":"2018-12-10T15:54:06","modified_gmt":"2018-12-10T14:54:06","slug":"se-tutti-scappano-io-ricomincio","status":"publish","type":"post","link":"https:\/\/www.tenzione.it\/?p=311","title":{"rendered":"Se tutti scappano io ricomincio"},"content":{"rendered":"<p>Una volta un blog, l&#8217;avevano o lo volevano tutti. Ma tutti, eh. Salumiere e idraulico compreso.<br \/>\nIo ho sempre pensato che i pensierini \u00e8 meglio tenerseli per se, che l&#8217;ipotesi che siamo 50 milioni di Celine mi pare statisticamente irrealistica.<\/p>\n<p>Poi \u00e8 arrivato Facebook. La piattaforma ideale per i pensierini. E va bene cos\u00ec. Ho provato a dare un senso all&#8217;idea del blog, diversa da quello per cui, in fondo, \u00e8 nato.<\/p>\n<p>Ora scappano da Facebook (per finta). Ora forse, potrei decidere che i pensierini, finiscono davvero sul blog, perch\u00e8 di scriverli su facebook non mi \u00e8 mai davvero andato. Troppa indignazione, attesa, ripetizione, celebrazione.<\/p>\n<p>Met\u00e0 dei pensierini iniziano con &#8220;e poi&#8221;, l&#8217;altra met\u00e0 con &#8220;non volevo scriverne ma&#8221; (minchia, immagino quali forze impongono a signori nessuno &#8211; come me &#8211; di scrivere un opinione su un argomento).<\/p>\n<p>ORA: se postassi questo pensierino, ovunque lo faccia, sarei in contraddizione. Quindi forse non lo posto. O si? O no?<\/p>\n<p><img loading=\"lazy\" decoding=\"async\" class=\"alignnone wp-image-319\" src=\"http:\/\/www.tenzione.it\/wp-content\/uploads\/2018\/05\/thought-2514632_1280-300x200.jpg\" alt=\"\" width=\"584\" height=\"389\" srcset=\"https:\/\/www.tenzione.it\/wp-content\/uploads\/2018\/05\/thought-2514632_1280-300x200.jpg 300w, https:\/\/www.tenzione.it\/wp-content\/uploads\/2018\/05\/thought-2514632_1280-768x512.jpg 768w, https:\/\/www.tenzione.it\/wp-content\/uploads\/2018\/05\/thought-2514632_1280-1024x682.jpg 1024w, https:\/\/www.tenzione.it\/wp-content\/uploads\/2018\/05\/thought-2514632_1280-840x560.jpg 840w, https:\/\/www.tenzione.it\/wp-content\/uploads\/2018\/05\/thought-2514632_1280-120x80.jpg 120w, https:\/\/www.tenzione.it\/wp-content\/uploads\/2018\/05\/thought-2514632_1280-360x240.jpg 360w, https:\/\/www.tenzione.it\/wp-content\/uploads\/2018\/05\/thought-2514632_1280-600x400.jpg 600w, https:\/\/www.tenzione.it\/wp-content\/uploads\/2018\/05\/thought-2514632_1280.jpg 1280w\" sizes=\"auto, (max-width: 584px) 100vw, 584px\" \/><\/p>\n<p>La domanda (forse) \u00e8 &#8220;perch\u00e8&#8221;. Se scrivi (e pubblichi) \u00e8 perch\u00e8 vuoi comunicare. Se non vuoi comunicare basta non farlo. Farlo su facebook per\u00f2 diventa un altro meccanismo coercitivo, perch\u00e8 una volta &#8220;che ti seguo&#8221; devo fare delle azioni per &#8220;non leggere i tuoi pensierini&#8221;. Infatti, un grande classico delle risposte da polemista da facebook \u00e8 &#8220;se non ti piace quello che scrivo non leggere&#8221;. Hm. Qualcosa tocca.<\/p>\n<p>Sicuri che sia cosi? Quanti amici su facebook avete di cui, non sentivate il bisogno di conoscere orientamenti alimentari, politici, ecc, a cui non potevate rifiutare l&#8217;amicizia (anche perch\u00e8 non c&#8217;era niente di male) ma che, nella vostra serena ignoranza dell&#8217;incontrare una persona una volta all&#8217;anno, sono passati da &#8220;piacevoli conoscenze&#8221; a &#8220;intuili spaccamaroni&#8221;?<\/p>\n<p>Certo, &#8220;togli il segui&#8221;. E lo faccio. Ma l&#8217;effetto pratico \u00e8 che una piattaforma BIAS come fb mi propone cose sempre pi\u00f9 monotematiche, oltre a vedere solo il feed di persone tutte simili (e quindi contenuti a ripetizione). Quindi anche questa, che comunque richiede un azione, non sembra una grande soluzione.<\/p>\n<p>Allora forse, tornando a bomba, ecco il blog, dove se vuoi leggere questo pensierino, devi venirci apposta (raccoglitori di feed a parte ma che usano poi solo i nerd), allora forse, ecco il blog era ed \u00e8 la piattaforma dei pensierini, catartica per chi li scrive, e realizza (per una volta) che se&nbsp;<strong>davvero<\/strong> vuoi leggere quello che c&#8217;\u00e8 scritto, non puoi farlo&nbsp;<strong>per sbaglio<\/strong>.<\/p>\n<p>E allora forse, lo posto. O no?<\/p>\n","protected":false},"excerpt":{"rendered":"<p>Una volta un blog, l&#8217;avevano o lo volevano tutti. Ma tutti, eh. Salumiere e idraulico compreso. Io ho sempre pensato che i pensierini \u00e8 meglio tenerseli per se, che l&#8217;ipotesi che siamo 50 milioni di Celine mi pare statisticamente irrealistica. Poi \u00e8 arrivato Facebook. La piattaforma ideale per i pensierini. E va bene cos\u00ec. Ho [&hellip;]<\/p>\n","protected":false},"author":1,"featured_media":213,"comment_status":"open","ping_status":"open","sticky":false,"template":"","format":"standard","meta":{"footnotes":""},"categories":[19,10],"tags":[132,18],"class_list":["post-311","post","type-post","status-publish","format-standard","has-post-thumbnail","hentry","category-te-ne-parlo","category-tensioni","tag-estinzione-subito","tag-non-ce-la-posso-fare-c"],"_links":{"self":[{"href":"https:\/\/www.tenzione.it\/index.php?rest_route=\/wp\/v2\/posts\/311","targetHints":{"allow":["GET"]}}],"collection":[{"href":"https:\/\/www.tenzione.it\/index.php?rest_route=\/wp\/v2\/posts"}],"about":[{"href":"https:\/\/www.tenzione.it\/index.php?rest_route=\/wp\/v2\/types\/post"}],"author":[{"embeddable":true,"href":"https:\/\/www.tenzione.it\/index.php?rest_route=\/wp\/v2\/users\/1"}],"replies":[{"embeddable":true,"href":"https:\/\/www.tenzione.it\/index.php?rest_route=%2Fwp%2Fv2%2Fcomments&post=311"}],"version-history":[{"count":6,"href":"https:\/\/www.tenzione.it\/index.php?rest_route=\/wp\/v2\/posts\/311\/revisions"}],"predecessor-version":[{"id":364,"href":"https:\/\/www.tenzione.it\/index.php?rest_route=\/wp\/v2\/posts\/311\/revisions\/364"}],"wp:featuredmedia":[{"embeddable":true,"href":"https:\/\/www.tenzione.it\/index.php?rest_route=\/wp\/v2\/media\/213"}],"wp:attachment":[{"href":"https:\/\/www.tenzione.it\/index.php?rest_route=%2Fwp%2Fv2%2Fmedia&parent=311"}],"wp:term":[{"taxonomy":"category","embeddable":true,"href":"https:\/\/www.tenzione.it\/index.php?rest_route=%2Fwp%2Fv2%2Fcategories&post=311"},{"taxonomy":"post_tag","embeddable":true,"href":"https:\/\/www.tenzione.it\/index.php?rest_route=%2Fwp%2Fv2%2Ftags&post=311"}],"curies":[{"name":"wp","href":"https:\/\/api.w.org\/{rel}","templated":true}]}}